{"id":2014,"date":"2023-03-03T15:59:39","date_gmt":"2023-03-03T14:59:39","guid":{"rendered":"https:\/\/desguacesebora.com\/?p=2014"},"modified":"2023-03-28T13:05:27","modified_gmt":"2023-03-28T11:05:27","slug":"audi-a4-s-line","status":"publish","type":"post","link":"https:\/\/desguacesebora.com\/en\/audi-a4-s-line\/","title":{"rendered":"AUDI A4 S LINE 2.0 TDI 103 KW (140 CV)"},"content":{"rendered":"<p>DESPIECE COMPLETO DISPONIBLE, AUDI A4 S LINE DEL A\u00d1O 2007 CON MOTOR 2.0 TDI TIPO DE MOTOR BRE.<\/p>\n\n\n\n<div class=\"wp-block-group\"><div class=\"wp-block-group__inner-container is-layout-constrained wp-block-group-is-layout-constrained\">\n<div class=\"wp-block-columns is-layout-flex wp-container-core-columns-is-layout-9d6595d7 wp-block-columns-is-layout-flex\">\n<div class=\"wp-block-column is-layout-flow wp-block-column-is-layout-flow\" style=\"flex-basis:100%\">\n<figure class=\"wp-block-gallery has-nested-images columns-default is-cropped wp-block-gallery-1 is-layout-flex wp-block-gallery-is-layout-flex\">\n<figure class=\"wp-block-image size-full\"><img fetchpriority=\"high\" decoding=\"async\" width=\"577\" height=\"433\" data-id=\"2015\" src=\"https:\/\/desguacesebora.com\/wp-content\/uploads\/2023\/02\/20221011_161900-removebg-preview.png\" alt=\"\" class=\"wp-image-2015\" srcset=\"https:\/\/desguacesebora.com\/wp-content\/uploads\/2023\/02\/20221011_161900-removebg-preview.png 577w, https:\/\/desguacesebora.com\/wp-content\/uploads\/2023\/02\/20221011_161900-removebg-preview-300x225.png 300w\" sizes=\"(max-width: 577px) 100vw, 577px\" \/><\/figure>\n\n\n\n<figure class=\"wp-block-image size-full\"><img decoding=\"async\" width=\"577\" height=\"433\" data-id=\"2016\" data-src=\"https:\/\/desguacesebora.com\/wp-content\/uploads\/2023\/02\/20221011_161947-removebg-preview.png\" alt=\"\" class=\"wp-image-2016 lazyload\" data-srcset=\"https:\/\/desguacesebora.com\/wp-content\/uploads\/2023\/02\/20221011_161947-removebg-preview.png 577w, https:\/\/desguacesebora.com\/wp-content\/uploads\/2023\/02\/20221011_161947-removebg-preview-300x225.png 300w\" data-sizes=\"(max-width: 577px) 100vw, 577px\" src=\"data:image\/svg+xml;base64,PHN2ZyB3aWR0aD0iMSIgaGVpZ2h0PSIxIiB4bWxucz0iaHR0cDovL3d3dy53My5vcmcvMjAwMC9zdmciPjwvc3ZnPg==\" style=\"--smush-placeholder-width: 577px; --smush-placeholder-aspect-ratio: 577\/433;\" \/><\/figure>\n<\/figure>\n<\/div>\n<\/div>\n\n\n\n<div class=\"wp-block-group\"><div class=\"wp-block-group__inner-container is-layout-constrained wp-block-group-is-layout-constrained\">\n<div class=\"wp-block-columns is-layout-flex wp-container-core-columns-is-layout-9d6595d7 wp-block-columns-is-layout-flex\">\n<div class=\"wp-block-column is-layout-flow wp-block-column-is-layout-flow\" style=\"flex-basis:100%\">\n<figure class=\"wp-block-gallery has-nested-images columns-default is-cropped wp-block-gallery-2 is-layout-flex wp-block-gallery-is-layout-flex\">\n<figure class=\"wp-block-image size-full\"><img decoding=\"async\" width=\"577\" height=\"433\" data-id=\"2182\" data-src=\"https:\/\/desguacesebora.com\/wp-content\/uploads\/2023\/03\/5ce0b304-1b0b-4554-8d04-b2ebe4e1f586.jpg\" alt=\"\" class=\"wp-image-2182 lazyload\" data-srcset=\"https:\/\/desguacesebora.com\/wp-content\/uploads\/2023\/03\/5ce0b304-1b0b-4554-8d04-b2ebe4e1f586.jpg 577w, https:\/\/desguacesebora.com\/wp-content\/uploads\/2023\/03\/5ce0b304-1b0b-4554-8d04-b2ebe4e1f586-300x225.jpg 300w\" data-sizes=\"(max-width: 577px) 100vw, 577px\" src=\"data:image\/svg+xml;base64,PHN2ZyB3aWR0aD0iMSIgaGVpZ2h0PSIxIiB4bWxucz0iaHR0cDovL3d3dy53My5vcmcvMjAwMC9zdmciPjwvc3ZnPg==\" style=\"--smush-placeholder-width: 577px; --smush-placeholder-aspect-ratio: 577\/433;\" \/><\/figure>\n\n\n\n<figure class=\"wp-block-image size-full\"><img decoding=\"async\" width=\"577\" height=\"433\" data-id=\"2183\" data-src=\"https:\/\/desguacesebora.com\/wp-content\/uploads\/2023\/03\/52675771-ddd9-4956-89de-2dab7442126d.jpg\" alt=\"\" class=\"wp-image-2183 lazyload\" data-srcset=\"https:\/\/desguacesebora.com\/wp-content\/uploads\/2023\/03\/52675771-ddd9-4956-89de-2dab7442126d.jpg 577w, https:\/\/desguacesebora.com\/wp-content\/uploads\/2023\/03\/52675771-ddd9-4956-89de-2dab7442126d-300x225.jpg 300w\" data-sizes=\"(max-width: 577px) 100vw, 577px\" src=\"data:image\/svg+xml;base64,PHN2ZyB3aWR0aD0iMSIgaGVpZ2h0PSIxIiB4bWxucz0iaHR0cDovL3d3dy53My5vcmcvMjAwMC9zdmciPjwvc3ZnPg==\" style=\"--smush-placeholder-width: 577px; --smush-placeholder-aspect-ratio: 577\/433;\" \/><\/figure>\n\n\n\n<figure class=\"wp-block-image size-full\"><img decoding=\"async\" width=\"221\" height=\"133\" data-id=\"2184\" data-src=\"https:\/\/desguacesebora.com\/wp-content\/uploads\/2023\/03\/180.png\" alt=\"\" class=\"wp-image-2184 lazyload\" src=\"data:image\/svg+xml;base64,PHN2ZyB3aWR0aD0iMSIgaGVpZ2h0PSIxIiB4bWxucz0iaHR0cDovL3d3dy53My5vcmcvMjAwMC9zdmciPjwvc3ZnPg==\" style=\"--smush-placeholder-width: 221px; --smush-placeholder-aspect-ratio: 221\/133;\" \/><\/figure>\n<\/figure>\n<\/div>\n<\/div>\n<\/div><\/div>\n<\/div><\/div>\n\n\n\n<p><strong>CAJA DE CAMBIOS CON REFERENCIA HCF<\/strong><\/p>\n\n\n\n<figure class=\"wp-block-table\"><table class=\"has-fixed-layout\"><tbody><tr><td><strong>MARCA<\/strong><\/td><td><strong>AUDI <\/strong><\/td><\/tr><tr><td><strong>MODELO<\/strong><\/td><td><strong>A4<\/strong><\/td><\/tr><tr><td><strong>A\u00d1O<\/strong><\/td><td><strong>2007<\/strong><\/td><\/tr><tr><td><strong>MOTOR<\/strong> <\/td><td><strong>2.0 TDI &#8211; BRE<\/strong><\/td><\/tr><tr><td><strong>CAJA DE CAMBIOS<\/strong><\/td><td><strong>HCF<\/strong><\/td><\/tr><\/tbody><\/table><figcaption class=\"wp-element-caption\">INFORMACI\u00d3N DETALLADA DEL VEH\u00cdCULO<\/figcaption><\/figure>","protected":false},"excerpt":{"rendered":"<p>DESPIECE COMPLETO DISPONIBLE, AUDI A4 S LINE DEL A\u00d1O 2007 CON MOTOR 2.0 TDI TIPO DE MOTOR BRE. CAJA DE CAMBIOS CON REFERENCIA HCF MARCA AUDI MODELO A4 A\u00d1O 2007 MOTOR 2.0 TDI &#8211; BRE CAJA DE CAMBIOS HCF INFORMACI\u00d3N DETALLADA DEL VEH\u00cdCULO<\/p>","protected":false},"author":3,"featured_media":2015,"comment_status":"open","ping_status":"open","sticky":false,"template":"","format":"standard","meta":{"_monsterinsights_skip_tracking":false,"_monsterinsights_sitenote_active":false,"_monsterinsights_sitenote_note":"","_monsterinsights_sitenote_category":0,"footnotes":""},"categories":[8],"tags":[],"class_list":["post-2014","post","type-post","status-publish","format-standard","has-post-thumbnail","hentry","category-ultimos-vehiculos"],"yoast_head":"<!-- This site is optimized with the Yoast SEO Premium plugin v18.9 (Yoast SEO v25.8) - https:\/\/yoast.com\/wordpress\/plugins\/seo\/ -->\n<title>AUDI A4 S LINE 2.0 TDI 103 KW (140 CV)<\/title>\n<meta name=\"robots\" content=\"index, follow, max-snippet:-1, max-image-preview:large, max-video-preview:-1\" \/>\n<link rel=\"canonical\" href=\"https:\/\/desguacesebora.com\/en\/audi-a4-s-line\/\" \/>\n<meta property=\"og:locale\" content=\"en_US\" \/>\n<meta property=\"og:type\" content=\"article\" \/>\n<meta property=\"og:title\" content=\"AUDI A4 S LINE 2.0 TDI 103 KW (140 CV)\" \/>\n<meta property=\"og:description\" content=\"DESPIECE COMPLETO DISPONIBLE, AUDI A4 S LINE DEL A\u00d1O 2007 CON MOTOR 2.0 TDI TIPO DE MOTOR BRE. CAJA DE CAMBIOS CON REFERENCIA HCF MARCA AUDI MODELO A4 A\u00d1O 2007 MOTOR 2.0 TDI &#8211; BRE CAJA DE CAMBIOS HCF INFORMACI\u00d3N DETALLADA DEL VEH\u00cdCULO\" \/>\n<meta property=\"og:url\" content=\"https:\/\/desguacesebora.com\/en\/audi-a4-s-line\/\" \/>\n<meta property=\"og:site_name\" content=\"Desguaces Ebora\" \/>\n<meta property=\"article:publisher\" content=\"https:\/\/es-la.facebook.com\/desguaces.ebora\/\" \/>\n<meta property=\"article:published_time\" content=\"2023-03-03T14:59:39+00:00\" \/>\n<meta property=\"article:modified_time\" content=\"2023-03-28T11:05:27+00:00\" \/>\n<meta property=\"og:image\" content=\"https:\/\/desguacesebora.com\/wp-content\/uploads\/2023\/02\/20221011_161900-removebg-preview.png\" \/>\n\t<meta property=\"og:image:width\" content=\"577\" \/>\n\t<meta property=\"og:image:height\" content=\"433\" \/>\n\t<meta property=\"og:image:type\" content=\"image\/png\" \/>\n<meta name=\"author\" content=\"Ruben Ballesteros\" \/>\n<meta name=\"twitter:card\" content=\"summary_large_image\" \/>\n<meta name=\"twitter:label1\" content=\"Written by\" \/>\n\t<meta name=\"twitter:data1\" content=\"Ruben Ballesteros\" \/>\n\t<meta name=\"twitter:label2\" content=\"Est. reading time\" \/>\n\t<meta name=\"twitter:data2\" content=\"2 minutes\" \/>\n<script type=\"application\/ld+json\" class=\"yoast-schema-graph\">{\"@context\":\"https:\/\/schema.org\",\"@graph\":[{\"@type\":\"Article\",\"@id\":\"https:\/\/desguacesebora.com\/audi-a4-s-line\/#article\",\"isPartOf\":{\"@id\":\"https:\/\/desguacesebora.com\/audi-a4-s-line\/\"},\"author\":{\"name\":\"Ruben Ballesteros\",\"@id\":\"https:\/\/desguacesebora.com\/#\/schema\/person\/d0565b7d1504176797b29d1faa8ed61b\"},\"headline\":\"AUDI A4 S LINE 2.0 TDI 103 KW (140 CV)\",\"datePublished\":\"2023-03-03T14:59:39+00:00\",\"dateModified\":\"2023-03-28T11:05:27+00:00\",\"mainEntityOfPage\":{\"@id\":\"https:\/\/desguacesebora.com\/audi-a4-s-line\/\"},\"wordCount\":50,\"commentCount\":0,\"publisher\":{\"@id\":\"https:\/\/desguacesebora.com\/#organization\"},\"image\":{\"@id\":\"https:\/\/desguacesebora.com\/audi-a4-s-line\/#primaryimage\"},\"thumbnailUrl\":\"https:\/\/desguacesebora.com\/wp-content\/uploads\/2023\/02\/20221011_161900-removebg-preview.png\",\"articleSection\":[\"\u00faltimos veh\u00edculos\"],\"inLanguage\":\"en-US\",\"potentialAction\":[{\"@type\":\"CommentAction\",\"name\":\"Comment\",\"target\":[\"https:\/\/desguacesebora.com\/audi-a4-s-line\/#respond\"]}]},{\"@type\":\"WebPage\",\"@id\":\"https:\/\/desguacesebora.com\/audi-a4-s-line\/\",\"url\":\"https:\/\/desguacesebora.com\/audi-a4-s-line\/\",\"name\":\"AUDI A4 S LINE 2.0 TDI 103 KW (140 CV)\",\"isPartOf\":{\"@id\":\"https:\/\/desguacesebora.com\/#website\"},\"primaryImageOfPage\":{\"@id\":\"https:\/\/desguacesebora.com\/audi-a4-s-line\/#primaryimage\"},\"image\":{\"@id\":\"https:\/\/desguacesebora.com\/audi-a4-s-line\/#primaryimage\"},\"thumbnailUrl\":\"https:\/\/desguacesebora.com\/wp-content\/uploads\/2023\/02\/20221011_161900-removebg-preview.png\",\"datePublished\":\"2023-03-03T14:59:39+00:00\",\"dateModified\":\"2023-03-28T11:05:27+00:00\",\"breadcrumb\":{\"@id\":\"https:\/\/desguacesebora.com\/audi-a4-s-line\/#breadcrumb\"},\"inLanguage\":\"en-US\",\"potentialAction\":[{\"@type\":\"ReadAction\",\"target\":[\"https:\/\/desguacesebora.com\/audi-a4-s-line\/\"]}]},{\"@type\":\"ImageObject\",\"inLanguage\":\"en-US\",\"@id\":\"https:\/\/desguacesebora.com\/audi-a4-s-line\/#primaryimage\",\"url\":\"https:\/\/desguacesebora.com\/wp-content\/uploads\/2023\/02\/20221011_161900-removebg-preview.png\",\"contentUrl\":\"https:\/\/desguacesebora.com\/wp-content\/uploads\/2023\/02\/20221011_161900-removebg-preview.png\",\"width\":577,\"height\":433},{\"@type\":\"BreadcrumbList\",\"@id\":\"https:\/\/desguacesebora.com\/audi-a4-s-line\/#breadcrumb\",\"itemListElement\":[{\"@type\":\"ListItem\",\"position\":1,\"name\":\"Portada\",\"item\":\"https:\/\/desguacesebora.com\/\"},{\"@type\":\"ListItem\",\"position\":2,\"name\":\"AUDI A4 S LINE 2.0 TDI 103 KW (140 CV)\"}]},{\"@type\":\"WebSite\",\"@id\":\"https:\/\/desguacesebora.com\/#website\",\"url\":\"https:\/\/desguacesebora.com\/\",\"name\":\"Desguaces Ebora\",\"description\":\"CENTRO DE RECICLADO DEL AUTOM\u00d3VIL\",\"publisher\":{\"@id\":\"https:\/\/desguacesebora.com\/#organization\"},\"potentialAction\":[{\"@type\":\"SearchAction\",\"target\":{\"@type\":\"EntryPoint\",\"urlTemplate\":\"https:\/\/desguacesebora.com\/?s={search_term_string}\"},\"query-input\":{\"@type\":\"PropertyValueSpecification\",\"valueRequired\":true,\"valueName\":\"search_term_string\"}}],\"inLanguage\":\"en-US\"},{\"@type\":\"Organization\",\"@id\":\"https:\/\/desguacesebora.com\/#organization\",\"name\":\"Desguaces Ebora\",\"url\":\"https:\/\/desguacesebora.com\/\",\"logo\":{\"@type\":\"ImageObject\",\"inLanguage\":\"en-US\",\"@id\":\"https:\/\/desguacesebora.com\/#\/schema\/logo\/image\/\",\"url\":\"https:\/\/desguacesebora.com\/wp-content\/uploads\/2022\/10\/cropped-LOGOTIPO-DESGUACES-EBORA.png\",\"contentUrl\":\"https:\/\/desguacesebora.com\/wp-content\/uploads\/2022\/10\/cropped-LOGOTIPO-DESGUACES-EBORA.png\",\"width\":576,\"height\":250,\"caption\":\"Desguaces Ebora\"},\"image\":{\"@id\":\"https:\/\/desguacesebora.com\/#\/schema\/logo\/image\/\"},\"sameAs\":[\"https:\/\/es-la.facebook.com\/desguaces.ebora\/\",\"https:\/\/www.instagram.com\/desguaces_ebora\/?hl=es\"]},{\"@type\":\"Person\",\"@id\":\"https:\/\/desguacesebora.com\/#\/schema\/person\/d0565b7d1504176797b29d1faa8ed61b\",\"name\":\"Ruben Ballesteros\",\"image\":{\"@type\":\"ImageObject\",\"inLanguage\":\"en-US\",\"@id\":\"https:\/\/desguacesebora.com\/#\/schema\/person\/image\/\",\"url\":\"https:\/\/secure.gravatar.com\/avatar\/06c9ef588bdbc31cec9c56a7399208de48627a31db318b218f075cd0445e9960?s=96&d=mm&r=g\",\"contentUrl\":\"https:\/\/secure.gravatar.com\/avatar\/06c9ef588bdbc31cec9c56a7399208de48627a31db318b218f075cd0445e9960?s=96&d=mm&r=g\",\"caption\":\"Ruben Ballesteros\"},\"url\":\"https:\/\/desguacesebora.com\/en\/author\/rueben\/\"}]}<\/script>\n<!-- \/ Yoast SEO Premium plugin. -->","yoast_head_json":{"title":"AUDI A4 S LINE 2.0 TDI 103 KW (140 CV)","robots":{"index":"index","follow":"follow","max-snippet":"max-snippet:-1","max-image-preview":"max-image-preview:large","max-video-preview":"max-video-preview:-1"},"canonical":"https:\/\/desguacesebora.com\/en\/audi-a4-s-line\/","og_locale":"en_US","og_type":"article","og_title":"AUDI A4 S LINE 2.0 TDI 103 KW (140 CV)","og_description":"DESPIECE COMPLETO DISPONIBLE, AUDI A4 S LINE DEL A\u00d1O 2007 CON MOTOR 2.0 TDI TIPO DE MOTOR BRE. CAJA DE CAMBIOS CON REFERENCIA HCF MARCA AUDI MODELO A4 A\u00d1O 2007 MOTOR 2.0 TDI &#8211; BRE CAJA DE CAMBIOS HCF INFORMACI\u00d3N DETALLADA DEL VEH\u00cdCULO","og_url":"https:\/\/desguacesebora.com\/en\/audi-a4-s-line\/","og_site_name":"Desguaces Ebora","article_publisher":"https:\/\/es-la.facebook.com\/desguaces.ebora\/","article_published_time":"2023-03-03T14:59:39+00:00","article_modified_time":"2023-03-28T11:05:27+00:00","og_image":[{"width":577,"height":433,"url":"https:\/\/desguacesebora.com\/wp-content\/uploads\/2023\/02\/20221011_161900-removebg-preview.png","type":"image\/png"}],"author":"Ruben Ballesteros","twitter_card":"summary_large_image","twitter_misc":{"Written by":"Ruben Ballesteros","Est. reading time":"2 minutes"},"schema":{"@context":"https:\/\/schema.org","@graph":[{"@type":"Article","@id":"https:\/\/desguacesebora.com\/audi-a4-s-line\/#article","isPartOf":{"@id":"https:\/\/desguacesebora.com\/audi-a4-s-line\/"},"author":{"name":"Ruben Ballesteros","@id":"https:\/\/desguacesebora.com\/#\/schema\/person\/d0565b7d1504176797b29d1faa8ed61b"},"headline":"AUDI A4 S LINE 2.0 TDI 103 KW (140 CV)","datePublished":"2023-03-03T14:59:39+00:00","dateModified":"2023-03-28T11:05:27+00:00","mainEntityOfPage":{"@id":"https:\/\/desguacesebora.com\/audi-a4-s-line\/"},"wordCount":50,"commentCount":0,"publisher":{"@id":"https:\/\/desguacesebora.com\/#organization"},"image":{"@id":"https:\/\/desguacesebora.com\/audi-a4-s-line\/#primaryimage"},"thumbnailUrl":"https:\/\/desguacesebora.com\/wp-content\/uploads\/2023\/02\/20221011_161900-removebg-preview.png","articleSection":["\u00faltimos veh\u00edculos"],"inLanguage":"en-US","potentialAction":[{"@type":"CommentAction","name":"Comment","target":["https:\/\/desguacesebora.com\/audi-a4-s-line\/#respond"]}]},{"@type":"WebPage","@id":"https:\/\/desguacesebora.com\/audi-a4-s-line\/","url":"https:\/\/desguacesebora.com\/audi-a4-s-line\/","name":"AUDI A4 S LINE 2.0 TDI 103 KW (140 CV)","isPartOf":{"@id":"https:\/\/desguacesebora.com\/#website"},"primaryImageOfPage":{"@id":"https:\/\/desguacesebora.com\/audi-a4-s-line\/#primaryimage"},"image":{"@id":"https:\/\/desguacesebora.com\/audi-a4-s-line\/#primaryimage"},"thumbnailUrl":"https:\/\/desguacesebora.com\/wp-content\/uploads\/2023\/02\/20221011_161900-removebg-preview.png","datePublished":"2023-03-03T14:59:39+00:00","dateModified":"2023-03-28T11:05:27+00:00","breadcrumb":{"@id":"https:\/\/desguacesebora.com\/audi-a4-s-line\/#breadcrumb"},"inLanguage":"en-US","potentialAction":[{"@type":"ReadAction","target":["https:\/\/desguacesebora.com\/audi-a4-s-line\/"]}]},{"@type":"ImageObject","inLanguage":"en-US","@id":"https:\/\/desguacesebora.com\/audi-a4-s-line\/#primaryimage","url":"https:\/\/desguacesebora.com\/wp-content\/uploads\/2023\/02\/20221011_161900-removebg-preview.png","contentUrl":"https:\/\/desguacesebora.com\/wp-content\/uploads\/2023\/02\/20221011_161900-removebg-preview.png","width":577,"height":433},{"@type":"BreadcrumbList","@id":"https:\/\/desguacesebora.com\/audi-a4-s-line\/#breadcrumb","itemListElement":[{"@type":"ListItem","position":1,"name":"Portada","item":"https:\/\/desguacesebora.com\/"},{"@type":"ListItem","position":2,"name":"AUDI A4 S LINE 2.0 TDI 103 KW (140 CV)"}]},{"@type":"WebSite","@id":"https:\/\/desguacesebora.com\/#website","url":"https:\/\/desguacesebora.com\/","name":"Desguaces Ebora","description":"CENTRO DE RECICLADO DEL AUTOM\u00d3VIL","publisher":{"@id":"https:\/\/desguacesebora.com\/#organization"},"potentialAction":[{"@type":"SearchAction","target":{"@type":"EntryPoint","urlTemplate":"https:\/\/desguacesebora.com\/?s={search_term_string}"},"query-input":{"@type":"PropertyValueSpecification","valueRequired":true,"valueName":"search_term_string"}}],"inLanguage":"en-US"},{"@type":"Organization","@id":"https:\/\/desguacesebora.com\/#organization","name":"Desguaces Ebora","url":"https:\/\/desguacesebora.com\/","logo":{"@type":"ImageObject","inLanguage":"en-US","@id":"https:\/\/desguacesebora.com\/#\/schema\/logo\/image\/","url":"https:\/\/desguacesebora.com\/wp-content\/uploads\/2022\/10\/cropped-LOGOTIPO-DESGUACES-EBORA.png","contentUrl":"https:\/\/desguacesebora.com\/wp-content\/uploads\/2022\/10\/cropped-LOGOTIPO-DESGUACES-EBORA.png","width":576,"height":250,"caption":"Desguaces Ebora"},"image":{"@id":"https:\/\/desguacesebora.com\/#\/schema\/logo\/image\/"},"sameAs":["https:\/\/es-la.facebook.com\/desguaces.ebora\/","https:\/\/www.instagram.com\/desguaces_ebora\/?hl=es"]},{"@type":"Person","@id":"https:\/\/desguacesebora.com\/#\/schema\/person\/d0565b7d1504176797b29d1faa8ed61b","name":"Ruben Ballesteros","image":{"@type":"ImageObject","inLanguage":"en-US","@id":"https:\/\/desguacesebora.com\/#\/schema\/person\/image\/","url":"https:\/\/secure.gravatar.com\/avatar\/06c9ef588bdbc31cec9c56a7399208de48627a31db318b218f075cd0445e9960?s=96&d=mm&r=g","contentUrl":"https:\/\/secure.gravatar.com\/avatar\/06c9ef588bdbc31cec9c56a7399208de48627a31db318b218f075cd0445e9960?s=96&d=mm&r=g","caption":"Ruben Ballesteros"},"url":"https:\/\/desguacesebora.com\/en\/author\/rueben\/"}]}},"_links":{"self":[{"href":"https:\/\/desguacesebora.com\/en\/wp-json\/wp\/v2\/posts\/2014","targetHints":{"allow":["GET"]}}],"collection":[{"href":"https:\/\/desguacesebora.com\/en\/wp-json\/wp\/v2\/posts"}],"about":[{"href":"https:\/\/desguacesebora.com\/en\/wp-json\/wp\/v2\/types\/post"}],"author":[{"embeddable":true,"href":"https:\/\/desguacesebora.com\/en\/wp-json\/wp\/v2\/users\/3"}],"replies":[{"embeddable":true,"href":"https:\/\/desguacesebora.com\/en\/wp-json\/wp\/v2\/comments?post=2014"}],"version-history":[{"count":9,"href":"https:\/\/desguacesebora.com\/en\/wp-json\/wp\/v2\/posts\/2014\/revisions"}],"predecessor-version":[{"id":2299,"href":"https:\/\/desguacesebora.com\/en\/wp-json\/wp\/v2\/posts\/2014\/revisions\/2299"}],"wp:featuredmedia":[{"embeddable":true,"href":"https:\/\/desguacesebora.com\/en\/wp-json\/wp\/v2\/media\/2015"}],"wp:attachment":[{"href":"https:\/\/desguacesebora.com\/en\/wp-json\/wp\/v2\/media?parent=2014"}],"wp:term":[{"taxonomy":"category","embeddable":true,"href":"https:\/\/desguacesebora.com\/en\/wp-json\/wp\/v2\/categories?post=2014"},{"taxonomy":"post_tag","embeddable":true,"href":"https:\/\/desguacesebora.com\/en\/wp-json\/wp\/v2\/tags?post=2014"}],"curies":[{"name":"wp","href":"https:\/\/api.w.org\/{rel}","templated":true}]}}